{"id":2570,"date":"2026-04-30T12:29:10","date_gmt":"2026-04-30T10:29:10","guid":{"rendered":"https:\/\/www.auditia.ma\/?p=2570"},"modified":"2026-04-30T12:29:10","modified_gmt":"2026-04-30T10:29:10","slug":"contrat-etranger-a-linternational","status":"publish","type":"post","link":"https:\/\/www.auditia.ma\/en\/contrat-etranger-a-linternational\/","title":{"rendered":"Contrat etranger \u00e0 l&rsquo;International : Canada, Europe et Suisse \u2014 Formalit\u00e9s Essentielles"},"content":{"rendered":"<p>Travailler \u00e0 l&rsquo;\u00e9tranger repr\u00e9sente une opportunit\u00e9 strat\u00e9gique pour de nombreux professionnels et dirigeants d&rsquo;entreprise. Mais derri\u00e8re chaque mobilit\u00e9 internationale se cache un <strong>contrat etranger<\/strong> soumis \u00e0 des r\u00e8gles pr\u00e9cises, variables d&rsquo;un pays \u00e0 l&rsquo;autre. Ma\u00eetriser ces exigences est indispensable pour \u00e9viter tout risque juridique, fiscal ou social susceptible de fragiliser votre activit\u00e9.<\/p>\n<h2><strong>Pourquoi Anticiper son contrat etranger avant Toute Expatriation ?<\/strong><\/h2>\n<p>A <strong>contrat etranger<\/strong> ne se r\u00e9sume pas \u00e0 un simple accord entre employeur et salari\u00e9. Il engage des r\u00e9gimes de s\u00e9curit\u00e9 sociale distincts, des conventions fiscales bilat\u00e9rales et des l\u00e9gislations nationales parfois tr\u00e8s \u00e9loign\u00e9es du droit marocain. Une pr\u00e9paration insuffisante expose l&rsquo;entreprise \u00e0 des sanctions lourdes et le collaborateur \u00e0 une double imposition ou \u00e0 une perte de droits sociaux acquis. Notre \u00e9quipe sp\u00e9cialis\u00e9e en <a href=\"https:\/\/www.auditia.ma\/en\/cabinet-fiscal-maroc\/international-taxation\/\">international taxation<\/a> analyse en amont toutes ces dimensions pour s\u00e9curiser int\u00e9gralement votre mobilit\u00e9.<\/p>\n<h2><strong>Contrat de travail en france pour etranger et contrat de travail en france pour les etrangers : Le Cadre Juridique<\/strong><\/h2>\n<p>La France dispose d&rsquo;un droit du travail parmi les plus protecteurs d&rsquo;Europe. Obtenir un <strong>contrat de travail en france pour etranger<\/strong> n\u00e9cessite, pour les ressortissants hors Union Europ\u00e9enne, une autorisation d\u00e9livr\u00e9e par la DREETS ainsi qu&rsquo;une v\u00e9rification pr\u00e9alable de l&rsquo;opposabilit\u00e9 de l&#8217;emploi. Le <strong>contrat de travail en france pour les etrangers<\/strong> est soumis aux m\u00eames minima salariaux et protections conventionnelles qu&rsquo;un contrat national, sans discrimination possible, et implique une affiliation obligatoire au r\u00e9gime g\u00e9n\u00e9ral de la S\u00e9curit\u00e9 sociale fran\u00e7aise.<\/p>\n<h2><strong>Contrat de travail en suisse pour etranger et contrat de travail en belgique pour un etranger : Deux March\u00e9s Cl\u00e9s en Europe<\/strong><\/h2>\n<h3><strong>Contrat de travail en suisse pour etranger : Sp\u00e9cificit\u00e9s et Obligations<\/strong><\/h3>\n<p>La Suisse applique des accords bilat\u00e9raux facilitant la mobilit\u00e9 des ressortissants europ\u00e9ens. Le <strong>contrat de travail en suisse pour etranger<\/strong> hors espace europ\u00e9en requiert en revanche un permis de travail cantonal sp\u00e9cifique, soumis \u00e0 des quotas annuels stricts. Les salaires, tr\u00e8s comp\u00e9titifs, sont encadr\u00e9s par des conventions collectives sectorielles dont le respect est syst\u00e9matiquement v\u00e9rifi\u00e9.<\/p>\n<h3><strong>Contrat de travail en belgique pour un etranger : R\u00e9gime Social et Autorisations<\/strong><\/h3>\n<p>Visit <strong>contrat de travail en belgique pour un etranger<\/strong> suit le syst\u00e8me f\u00e9d\u00e9ral belge : les autorisations d&rsquo;occupation sont d\u00e9livr\u00e9es par les r\u00e9gions comp\u00e9tentes (Wallonie, Flandre, Bruxelles-Capitale). Les cotisations sociales y sont \u00e9lev\u00e9es mais garantissent une couverture compl\u00e8te. Notre service de <a href=\"https:\/\/www.auditia.ma\/en\/social\/payroll-management-and-social-security-declarations\/\">payroll and social declaration management<\/a> vous aide \u00e0 anticiper ces charges dans votre planification financi\u00e8re internationale.<\/p>\n<h2><strong>Contrat de travail au canada pour etranger et contrat de travail en europe pour etranger : Vers une Mobilit\u00e9 Globale<\/strong><\/h2>\n<h3><strong>Contrat de travail au canada pour etranger : Permis de Travail et Proc\u00e9dures<\/strong><\/h3>\n<p>Visit <strong>contrat de travail au canada pour etranger<\/strong> est conditionn\u00e9 \u00e0 l&rsquo;obtention d&rsquo;un permis de travail, ouvert ou ferm\u00e9 selon le profil du candidat. Le Programme des Travailleurs \u00c9trangers Temporaires impose \u00e0 l&#8217;employeur de d\u00e9montrer l&rsquo;absence de candidats locaux qualifi\u00e9s, avant tout recrutement international.<\/p>\n<h3><strong>Contrat de travail en europe pour etranger : Cadre R\u00e9glementaire Commun<\/strong><\/h3>\n<p>Visit <strong>contrat de travail en europe pour etranger<\/strong> b\u00e9n\u00e9ficie d&rsquo;un socle harmonis\u00e9 de droits fondamentaux : directive sur la transparence des conditions de travail, protection contre les discriminations et portabilit\u00e9 partielle des droits sociaux entre \u00c9tats membres. Notre p\u00f4le de <a href=\"https:\/\/www.auditia.ma\/en\/social\/social-compliance-consulting\/\">social compliance consulting<\/a> veille \u00e0 ce que chaque contrat respecte scrupuleusement ces obligations r\u00e9glementaires.<\/p>\n<h2><strong>Auditia : Votre Expert du contrat etranger \u00e0 l&rsquo;International<\/strong><\/h2>\n<p>Que vous recrutiez un talent \u00e9tranger ou que vous accompagniez un collaborateur en mobilit\u00e9 internationale, Auditia, <a href=\"https:\/\/www.auditia.ma\/en\/cabinet-fiscal-maroc\/\">tax firm in Morocco<\/a> \u00e0 vocation internationale, vous apporte une expertise pointue sur chaque <strong>contrat etranger<\/strong>. De la <a href=\"https:\/\/www.auditia.ma\/en\/social\/managing-recruitment-procedures\/\">gestion des proc\u00e9dures de recrutement<\/a> \u00e0 l&rsquo;optimisation fiscale et sociale transfrontali\u00e8re, nous s\u00e9curisons vos op\u00e9rations \u00e0 chaque \u00e9tape, en toute conformit\u00e9.<\/p>\n<p>Prenez contact avec nos experts d\u00e8s aujourd&rsquo;hui pour un diagnostic personnalis\u00e9 de votre situation internationale.<\/p>","protected":false},"excerpt":{"rendered":"<p>Travailler \u00e0 l&rsquo;\u00e9tranger repr\u00e9sente une opportunit\u00e9 strat\u00e9gique pour de nombreux professionnels et dirigeants d&rsquo;entreprise. Mais derri\u00e8re chaque mobilit\u00e9 internationale se cache un contrat etranger soumis \u00e0 des r\u00e8gles pr\u00e9cises, variables d&rsquo;un pays \u00e0 l&rsquo;autre. Ma\u00eetriser ces exigences est indispensable pour \u00e9viter tout risque juridique, fiscal ou social susceptible de fragiliser votre activit\u00e9. Pourquoi Anticiper son [&hellip;]<\/p>","protected":false},"author":5,"featured_media":0,"comment_status":"open","ping_status":"open","sticky":false,"template":"","format":"standard","meta":{"footnotes":""},"categories":[1],"tags":[],"class_list":["post-2570","post","type-post","status-publish","format-standard","hentry","category-non-classe"],"yoast_head":"<!-- This site is optimized with the Yoast SEO plugin v27.0 - https:\/\/yoast.com\/product\/yoast-seo-wordpress\/ -->\n<title>Contrat \u00c9tranger : France, Suisse, Belgique, Canada &amp; Europe | Auditia<\/title>\n<meta name=\"description\" content=\"Tout savoir sur le contrat etranger \u00e0 l&#039;international : contrat de travail en france pour etranger, en Suisse, en Belgique, au Canada et en Europe. Formalit\u00e9s, conditions et accompagnement expert avec Auditia.\" \/>\n<meta name=\"robots\" content=\"index, follow, max-snippet:-1, max-image-preview:large, max-video-preview:-1\" \/>\n<link rel=\"canonical\" href=\"https:\/\/www.auditia.ma\/en\/contrat-etranger-a-linternational\/\" \/>\n<meta property=\"og:locale\" content=\"en_US\" \/>\n<meta property=\"og:type\" content=\"article\" \/>\n<meta property=\"og:title\" content=\"Contrat \u00c9tranger : France, Suisse, Belgique, Canada &amp; Europe | Auditia\" \/>\n<meta property=\"og:description\" content=\"Tout savoir sur le contrat etranger \u00e0 l&#039;international : contrat de travail en france pour etranger, en Suisse, en Belgique, au Canada et en Europe. Formalit\u00e9s, conditions et accompagnement expert avec Auditia.\" \/>\n<meta property=\"og:url\" content=\"https:\/\/www.auditia.ma\/en\/contrat-etranger-a-linternational\/\" \/>\n<meta property=\"og:site_name\" content=\"Auditia\" \/>\n<meta property=\"article:published_time\" content=\"2026-04-30T10:29:10+00:00\" \/>\n<meta name=\"author\" content=\"Zakaria\" \/>\n<meta name=\"twitter:card\" content=\"summary_large_image\" \/>\n<meta name=\"twitter:label1\" content=\"Written by\" \/>\n\t<meta name=\"twitter:data1\" content=\"Zakaria\" \/>\n\t<meta name=\"twitter:label2\" content=\"Est. reading time\" \/>\n\t<meta name=\"twitter:data2\" content=\"4 minutes\" \/>\n<script type=\"application\/ld+json\" class=\"yoast-schema-graph\">{\"@context\":\"https:\/\/schema.org\",\"@graph\":[{\"@type\":\"Article\",\"@id\":\"https:\/\/www.auditia.ma\/contrat-etranger-a-linternational\/#article\",\"isPartOf\":{\"@id\":\"https:\/\/www.auditia.ma\/contrat-etranger-a-linternational\/\"},\"author\":{\"name\":\"Zakaria\",\"@id\":\"https:\/\/www.auditia.ma\/#\/schema\/person\/95cd860b891135b2e3bd83d1a5a0c050\"},\"headline\":\"Contrat etranger \u00e0 l&rsquo;International : Canada, Europe et Suisse \u2014 Formalit\u00e9s Essentielles\",\"datePublished\":\"2026-04-30T10:29:10+00:00\",\"mainEntityOfPage\":{\"@id\":\"https:\/\/www.auditia.ma\/contrat-etranger-a-linternational\/\"},\"wordCount\":693,\"commentCount\":0,\"publisher\":{\"@id\":\"https:\/\/www.auditia.ma\/#organization\"},\"articleSection\":[\"Non class\u00e9\"],\"inLanguage\":\"en-US\",\"potentialAction\":[{\"@type\":\"CommentAction\",\"name\":\"Comment\",\"target\":[\"https:\/\/www.auditia.ma\/contrat-etranger-a-linternational\/#respond\"]}]},{\"@type\":\"WebPage\",\"@id\":\"https:\/\/www.auditia.ma\/contrat-etranger-a-linternational\/\",\"url\":\"https:\/\/www.auditia.ma\/contrat-etranger-a-linternational\/\",\"name\":\"Contrat \u00c9tranger : France, Suisse, Belgique, Canada & Europe | Auditia\",\"isPartOf\":{\"@id\":\"https:\/\/www.auditia.ma\/#website\"},\"datePublished\":\"2026-04-30T10:29:10+00:00\",\"description\":\"Tout savoir sur le contrat etranger \u00e0 l'international : contrat de travail en france pour etranger, en Suisse, en Belgique, au Canada et en Europe. Formalit\u00e9s, conditions et accompagnement expert avec Auditia.\",\"breadcrumb\":{\"@id\":\"https:\/\/www.auditia.ma\/contrat-etranger-a-linternational\/#breadcrumb\"},\"inLanguage\":\"en-US\",\"potentialAction\":[{\"@type\":\"ReadAction\",\"target\":[\"https:\/\/www.auditia.ma\/contrat-etranger-a-linternational\/\"]}]},{\"@type\":\"BreadcrumbList\",\"@id\":\"https:\/\/www.auditia.ma\/contrat-etranger-a-linternational\/#breadcrumb\",\"itemListElement\":[{\"@type\":\"ListItem\",\"position\":1,\"name\":\"Accueil\",\"item\":\"https:\/\/www.auditia.ma\/\"},{\"@type\":\"ListItem\",\"position\":2,\"name\":\"Contrat etranger \u00e0 l&rsquo;International : Canada, Europe et Suisse \u2014 Formalit\u00e9s Essentielles\"}]},{\"@type\":\"WebSite\",\"@id\":\"https:\/\/www.auditia.ma\/#website\",\"url\":\"https:\/\/www.auditia.ma\/\",\"name\":\"Auditia\",\"description\":\"\",\"publisher\":{\"@id\":\"https:\/\/www.auditia.ma\/#organization\"},\"potentialAction\":[{\"@type\":\"SearchAction\",\"target\":{\"@type\":\"EntryPoint\",\"urlTemplate\":\"https:\/\/www.auditia.ma\/?s={search_term_string}\"},\"query-input\":{\"@type\":\"PropertyValueSpecification\",\"valueRequired\":true,\"valueName\":\"search_term_string\"}}],\"inLanguage\":\"en-US\"},{\"@type\":\"Organization\",\"@id\":\"https:\/\/www.auditia.ma\/#organization\",\"name\":\"Auditia\",\"url\":\"https:\/\/www.auditia.ma\/\",\"logo\":{\"@type\":\"ImageObject\",\"inLanguage\":\"en-US\",\"@id\":\"https:\/\/www.auditia.ma\/#\/schema\/logo\/image\/\",\"url\":\"https:\/\/www.auditia.ma\/wp-content\/uploads\/2025\/10\/Vector.png\",\"contentUrl\":\"https:\/\/www.auditia.ma\/wp-content\/uploads\/2025\/10\/Vector.png\",\"width\":316,\"height\":96,\"caption\":\"Auditia\"},\"image\":{\"@id\":\"https:\/\/www.auditia.ma\/#\/schema\/logo\/image\/\"}},{\"@type\":\"Person\",\"@id\":\"https:\/\/www.auditia.ma\/#\/schema\/person\/95cd860b891135b2e3bd83d1a5a0c050\",\"name\":\"Zakaria\",\"image\":{\"@type\":\"ImageObject\",\"inLanguage\":\"en-US\",\"@id\":\"https:\/\/www.auditia.ma\/#\/schema\/person\/image\/\",\"url\":\"https:\/\/secure.gravatar.com\/avatar\/69e3dbb0cfa87aa40d67b9ad854b2800ccf0448410890474afd112ce0da5477a?s=96&d=mm&r=g\",\"contentUrl\":\"https:\/\/secure.gravatar.com\/avatar\/69e3dbb0cfa87aa40d67b9ad854b2800ccf0448410890474afd112ce0da5477a?s=96&d=mm&r=g\",\"caption\":\"Zakaria\"},\"url\":\"https:\/\/www.auditia.ma\/en\/author\/zakariasg\/\"}]}<\/script>\n<!-- \/ Yoast SEO plugin. -->","yoast_head_json":{"title":"Contrat \u00c9tranger : France, Suisse, Belgique, Canada & Europe | Auditia","description":"Tout savoir sur le contrat etranger \u00e0 l'international : contrat de travail en france pour etranger, en Suisse, en Belgique, au Canada et en Europe. Formalit\u00e9s, conditions et accompagnement expert avec Auditia.","robots":{"index":"index","follow":"follow","max-snippet":"max-snippet:-1","max-image-preview":"max-image-preview:large","max-video-preview":"max-video-preview:-1"},"canonical":"https:\/\/www.auditia.ma\/en\/contrat-etranger-a-linternational\/","og_locale":"en_US","og_type":"article","og_title":"Contrat \u00c9tranger : France, Suisse, Belgique, Canada & Europe | Auditia","og_description":"Tout savoir sur le contrat etranger \u00e0 l'international : contrat de travail en france pour etranger, en Suisse, en Belgique, au Canada et en Europe. Formalit\u00e9s, conditions et accompagnement expert avec Auditia.","og_url":"https:\/\/www.auditia.ma\/en\/contrat-etranger-a-linternational\/","og_site_name":"Auditia","article_published_time":"2026-04-30T10:29:10+00:00","author":"Zakaria","twitter_card":"summary_large_image","twitter_misc":{"Written by":"Zakaria","Est. reading time":"4 minutes"},"schema":{"@context":"https:\/\/schema.org","@graph":[{"@type":"Article","@id":"https:\/\/www.auditia.ma\/contrat-etranger-a-linternational\/#article","isPartOf":{"@id":"https:\/\/www.auditia.ma\/contrat-etranger-a-linternational\/"},"author":{"name":"Zakaria","@id":"https:\/\/www.auditia.ma\/#\/schema\/person\/95cd860b891135b2e3bd83d1a5a0c050"},"headline":"Contrat etranger \u00e0 l&rsquo;International : Canada, Europe et Suisse \u2014 Formalit\u00e9s Essentielles","datePublished":"2026-04-30T10:29:10+00:00","mainEntityOfPage":{"@id":"https:\/\/www.auditia.ma\/contrat-etranger-a-linternational\/"},"wordCount":693,"commentCount":0,"publisher":{"@id":"https:\/\/www.auditia.ma\/#organization"},"articleSection":["Non class\u00e9"],"inLanguage":"en-US","potentialAction":[{"@type":"CommentAction","name":"Comment","target":["https:\/\/www.auditia.ma\/contrat-etranger-a-linternational\/#respond"]}]},{"@type":"WebPage","@id":"https:\/\/www.auditia.ma\/contrat-etranger-a-linternational\/","url":"https:\/\/www.auditia.ma\/contrat-etranger-a-linternational\/","name":"Contrat \u00c9tranger : France, Suisse, Belgique, Canada & Europe | Auditia","isPartOf":{"@id":"https:\/\/www.auditia.ma\/#website"},"datePublished":"2026-04-30T10:29:10+00:00","description":"Tout savoir sur le contrat etranger \u00e0 l'international : contrat de travail en france pour etranger, en Suisse, en Belgique, au Canada et en Europe. Formalit\u00e9s, conditions et accompagnement expert avec Auditia.","breadcrumb":{"@id":"https:\/\/www.auditia.ma\/contrat-etranger-a-linternational\/#breadcrumb"},"inLanguage":"en-US","potentialAction":[{"@type":"ReadAction","target":["https:\/\/www.auditia.ma\/contrat-etranger-a-linternational\/"]}]},{"@type":"BreadcrumbList","@id":"https:\/\/www.auditia.ma\/contrat-etranger-a-linternational\/#breadcrumb","itemListElement":[{"@type":"ListItem","position":1,"name":"Accueil","item":"https:\/\/www.auditia.ma\/"},{"@type":"ListItem","position":2,"name":"Contrat etranger \u00e0 l&rsquo;International : Canada, Europe et Suisse \u2014 Formalit\u00e9s Essentielles"}]},{"@type":"WebSite","@id":"https:\/\/www.auditia.ma\/#website","url":"https:\/\/www.auditia.ma\/","name":"Auditia","description":"","publisher":{"@id":"https:\/\/www.auditia.ma\/#organization"},"potentialAction":[{"@type":"SearchAction","target":{"@type":"EntryPoint","urlTemplate":"https:\/\/www.auditia.ma\/?s={search_term_string}"},"query-input":{"@type":"PropertyValueSpecification","valueRequired":true,"valueName":"search_term_string"}}],"inLanguage":"en-US"},{"@type":"Organization","@id":"https:\/\/www.auditia.ma\/#organization","name":"Auditia","url":"https:\/\/www.auditia.ma\/","logo":{"@type":"ImageObject","inLanguage":"en-US","@id":"https:\/\/www.auditia.ma\/#\/schema\/logo\/image\/","url":"https:\/\/www.auditia.ma\/wp-content\/uploads\/2025\/10\/Vector.png","contentUrl":"https:\/\/www.auditia.ma\/wp-content\/uploads\/2025\/10\/Vector.png","width":316,"height":96,"caption":"Auditia"},"image":{"@id":"https:\/\/www.auditia.ma\/#\/schema\/logo\/image\/"}},{"@type":"Person","@id":"https:\/\/www.auditia.ma\/#\/schema\/person\/95cd860b891135b2e3bd83d1a5a0c050","name":"Zakaria","image":{"@type":"ImageObject","inLanguage":"en-US","@id":"https:\/\/www.auditia.ma\/#\/schema\/person\/image\/","url":"https:\/\/secure.gravatar.com\/avatar\/69e3dbb0cfa87aa40d67b9ad854b2800ccf0448410890474afd112ce0da5477a?s=96&d=mm&r=g","contentUrl":"https:\/\/secure.gravatar.com\/avatar\/69e3dbb0cfa87aa40d67b9ad854b2800ccf0448410890474afd112ce0da5477a?s=96&d=mm&r=g","caption":"Zakaria"},"url":"https:\/\/www.auditia.ma\/en\/author\/zakariasg\/"}]}},"_links":{"self":[{"href":"https:\/\/www.auditia.ma\/en\/wp-json\/wp\/v2\/posts\/2570","targetHints":{"allow":["GET"]}}],"collection":[{"href":"https:\/\/www.auditia.ma\/en\/wp-json\/wp\/v2\/posts"}],"about":[{"href":"https:\/\/www.auditia.ma\/en\/wp-json\/wp\/v2\/types\/post"}],"author":[{"embeddable":true,"href":"https:\/\/www.auditia.ma\/en\/wp-json\/wp\/v2\/users\/5"}],"replies":[{"embeddable":true,"href":"https:\/\/www.auditia.ma\/en\/wp-json\/wp\/v2\/comments?post=2570"}],"version-history":[{"count":1,"href":"https:\/\/www.auditia.ma\/en\/wp-json\/wp\/v2\/posts\/2570\/revisions"}],"predecessor-version":[{"id":2571,"href":"https:\/\/www.auditia.ma\/en\/wp-json\/wp\/v2\/posts\/2570\/revisions\/2571"}],"wp:attachment":[{"href":"https:\/\/www.auditia.ma\/en\/wp-json\/wp\/v2\/media?parent=2570"}],"wp:term":[{"taxonomy":"category","embeddable":true,"href":"https:\/\/www.auditia.ma\/en\/wp-json\/wp\/v2\/categories?post=2570"},{"taxonomy":"post_tag","embeddable":true,"href":"https:\/\/www.auditia.ma\/en\/wp-json\/wp\/v2\/tags?post=2570"}],"curies":[{"name":"wp","href":"https:\/\/api.w.org\/{rel}","templated":true}]}}