{"id":2754,"date":"2026-09-04T13:50:43","date_gmt":"2026-09-04T11:50:43","guid":{"rendered":"https:\/\/www.auditia.ma\/?p=2754"},"modified":"2026-07-06T15:34:03","modified_gmt":"2026-07-06T13:34:03","slug":"evenements-post-cloture-incidences-comptes","status":"publish","type":"post","link":"https:\/\/www.auditia.ma\/en\/evenements-post-cloture-incidences-comptes\/","title":{"rendered":"\u00c9v\u00e9nements post-cl\u00f4ture : quelles incidences sur les comptes ?"},"content":{"rendered":"<p>Entre la date de cl\u00f4ture d&#8217;un exercice comptable et la date d&#8217;arr\u00eat\u00e9 des comptes par les dirigeants peut s&#8217;\u00e9couler plusieurs mois. Pendant cette p\u00e9riode, des <strong>\u00e9v\u00e9nements significatifs<\/strong> peuvent survenir et soulever une question essentielle : doivent-ils \u00eatre int\u00e9gr\u00e9s aux comptes de l&#8217;exercice qui vient d&#8217;\u00eatre cl\u00f4tur\u00e9, ou seulement \u00e0 ceux du nouvel exercice ? Cette question, trait\u00e9e par la notion d&#8217;<strong>\u00e9v\u00e9nements post-cl\u00f4ture<\/strong>, est fondamentale pour la sinc\u00e9rit\u00e9 des comptes.<\/p>\n<h2>Le principe directeur : deux cat\u00e9gories<\/h2>\n<p>Deux cat\u00e9gories d&#8217;<strong>\u00e9v\u00e9nements post-cl\u00f4ture<\/strong> sont distingu\u00e9es, selon leur nature et leur lien avec la situation existant \u00e0 la date de cl\u00f4ture. Cette distinction conditionne le <strong>traitement comptable<\/strong> et constitue le c\u0153ur de la doctrine en la mati\u00e8re. Une bonne ma\u00eetrise est essentielle pour produire des comptes qui refl\u00e8tent fid\u00e8lement la situation de l&#8217;entreprise.<\/p>\n<h2>Cat\u00e9gorie 1 : Confirmation de situations pr\u00e9existantes<\/h2>\n<p>La premi\u00e8re cat\u00e9gorie concerne les \u00e9v\u00e9nements qui apportent des informations compl\u00e9mentaires sur des situations existant \u00e0 la date de cl\u00f4ture. Ces \u00e9v\u00e9nements doivent \u00eatre int\u00e9gr\u00e9s aux comptes de l&#8217;exercice clos, par ajustement des soldes correspondants. Par exemple, si un client en difficult\u00e9 \u00e0 la cl\u00f4ture entre en proc\u00e9dure de redressement judiciaire apr\u00e8s la cl\u00f4ture mais avant l&#8217;arr\u00eat\u00e9 des comptes, cette information confirme l&#8217;existence d&#8217;un risque \u00e0 la cl\u00f4ture et doit \u00eatre int\u00e9gr\u00e9e par une d\u00e9pr\u00e9ciation de cr\u00e9ance dans les comptes clos.<\/p>\n<h2>Exemples concrets de la cat\u00e9gorie 1<\/h2>\n<p>Cette cat\u00e9gorie regroupe des situations vari\u00e9es : d\u00e9cision de justice rendue apr\u00e8s la cl\u00f4ture concernant un litige existant \u00e0 la cl\u00f4ture, faillite d&#8217;un client identifi\u00e9 comme \u00e0 risque \u00e0 la cl\u00f4ture, d\u00e9pr\u00e9ciation de stocks dont la vente post\u00e9rieure r\u00e9v\u00e8le une valeur de r\u00e9alisation inf\u00e9rieure, ventes post\u00e9rieures r\u00e9v\u00e9lant une obsolescence ou un caract\u00e8re invendable de stocks \u00e0 la cl\u00f4ture. Dans tous ces cas, l&#8217;\u00e9v\u00e9nement post\u00e9rieur ne cr\u00e9e pas une situation nouvelle ; il r\u00e9v\u00e8le ou confirme une situation pr\u00e9existante.<\/p>\n<h2>Cat\u00e9gorie 2 : Situations apparues apr\u00e8s la cl\u00f4ture<\/h2>\n<p>La seconde cat\u00e9gorie concerne les \u00e9v\u00e9nements qui r\u00e9v\u00e8lent des situations apparues apr\u00e8s la cl\u00f4ture, sans lien avec celles existant \u00e0 cette date. Ces \u00e9v\u00e9nements ne doivent pas \u00eatre int\u00e9gr\u00e9s aux comptes clos. Ils rel\u00e8vent du nouvel exercice. En revanche, lorsqu&#8217;ils sont significatifs, ils doivent faire l&#8217;objet d&#8217;une information en annexe aux comptes pour \u00e9clairer le lecteur sur la situation actuelle de l&#8217;entreprise.<\/p>\n<h2>Exemples concrets de la cat\u00e9gorie 2<\/h2>\n<p>Les exemples typiques sont nombreux : sinistre survenu apr\u00e8s la cl\u00f4ture (incendie, inondation), acquisition ou cession significative post\u00e9rieure, lev\u00e9e de fonds, signature d&#8217;un contrat majeur, restructuration annonc\u00e9e, variations significatives de cours de bourse ou de change apr\u00e8s la cl\u00f4ture, modifications l\u00e9gislatives ou r\u00e9glementaires post\u00e9rieures, conflits sociaux survenus apr\u00e8s la cl\u00f4ture, d\u00e9faillance d&#8217;un client survenue ind\u00e9pendamment de toute fragilit\u00e9 pr\u00e9existante.<\/p>\n<h2>Le traitement des dividendes d\u00e9cid\u00e9s apr\u00e8s la cl\u00f4ture<\/h2>\n<p>Selon les normes, les <strong>dividendes<\/strong> d\u00e9cid\u00e9s par l&#8217;assembl\u00e9e g\u00e9n\u00e9rale apr\u00e8s la cl\u00f4ture ne sont pas une dette \u00e0 la date de cl\u00f4ture. Ils ne doivent donc pas \u00eatre enregistr\u00e9s dans les comptes de l&#8217;exercice clos, m\u00eame si la d\u00e9cision a \u00e9t\u00e9 prise avant l&#8217;arr\u00eat\u00e9 des comptes. En revanche, ils doivent faire l&#8217;objet d&#8217;une information en annexe.<\/p>\n<h2>Le cas particulier de la continuit\u00e9 d&#8217;exploitation<\/h2>\n<p>Lorsque des \u00e9v\u00e9nements post\u00e9rieurs \u00e0 la cl\u00f4ture remettent en cause la <strong>continuit\u00e9 d&#8217;exploitation<\/strong>, le traitement diff\u00e8re. Les comptes doivent alors \u00eatre \u00e9tablis selon une convention de non-continuit\u00e9 (avec d\u00e9pr\u00e9ciation des actifs \u00e0 leur valeur liquidative), m\u00eame si la difficult\u00e9 est apparue apr\u00e8s la cl\u00f4ture. Cette r\u00e8gle se justifie par le caract\u00e8re structurant et exceptionnel de l&#8217;hypoth\u00e8se de continuit\u00e9.<\/p>\n<h2>La proc\u00e9dure de revue des \u00e9v\u00e9nements post-cl\u00f4ture<\/h2>\n<p>Elle doit \u00eatre formalis\u00e9e. Elle comprend une revue de la correspondance re\u00e7ue apr\u00e8s la cl\u00f4ture (courriers, mails, mises en demeure), un examen des d\u00e9cisions du conseil d&#8217;administration et de la direction prises pendant la p\u00e9riode, une analyse des r\u00e8glements clients et fournisseurs post\u00e9rieurs pour identifier d&#8217;\u00e9ventuelles d\u00e9faillances, un suivi des contentieux et proc\u00e9dures en cours. Cette revue m\u00e9thodique r\u00e9duit le risque d&#8217;oubli d&#8217;un \u00e9v\u00e9nement significatif.<\/p>\n<h2>La p\u00e9riode concern\u00e9e et la documentation<\/h2>\n<p>La p\u00e9riode s&#8217;\u00e9tend de la date de cl\u00f4ture \u00e0 la date d&#8217;arr\u00eat\u00e9 des comptes par l&#8217;organe de direction. Pour les soci\u00e9t\u00e9s faisant l&#8217;objet d&#8217;un commissariat aux comptes, la fen\u00eatre s&#8217;\u00e9tend en pratique jusqu&#8217;\u00e0 la date du rapport du commissaire. La documentation des d\u00e9cisions prises en mati\u00e8re d&#8217;<strong>\u00e9v\u00e9nements post-cl\u00f4ture<\/strong> est essentielle. Pour chaque \u00e9v\u00e9nement significatif identifi\u00e9, l&#8217;analyse retenue (cat\u00e9gorie 1 ou 2), le traitement appliqu\u00e9 et les ajustements correspondants doivent \u00eatre document\u00e9s.<\/p>\n<p>Cabinet AUDITIA accompagne les entreprises \u00e0 Casablanca dans le traitement des <strong>\u00e9v\u00e9nements post-cl\u00f4ture<\/strong> and the<a href=\"https:\/\/www.auditia.ma\/en\/accounting\/accounting-revisions\/\">closing of the accounts<\/a> : revue post-cl\u00f4ture, conseil sur les ajustements, r\u00e9daction des notes annexes, <a href=\"https:\/\/www.auditia.ma\/en\/audit\/\">audit<\/a>.<\/p>\n<p><a href=\"https:\/\/www.auditia.ma\/en\/contact\/\">Contact us<\/a> pour s\u00e9curiser la qualit\u00e9 de vos comptes annuels.<\/p>","protected":false},"excerpt":{"rendered":"<p>Entre la date de cl\u00f4ture d&#8217;un exercice comptable et la date d&#8217;arr\u00eat\u00e9 des comptes par les dirigeants peut s&#8217;\u00e9couler plusieurs mois. Pendant cette p\u00e9riode, des \u00e9v\u00e9nements significatifs peuvent survenir et soulever une question essentielle : doivent-ils \u00eatre int\u00e9gr\u00e9s aux comptes de l&#8217;exercice qui vient d&#8217;\u00eatre cl\u00f4tur\u00e9, ou seulement \u00e0 ceux du nouvel exercice ? Cette [&hellip;]<\/p>","protected":false},"author":1,"featured_media":2796,"comment_status":"open","ping_status":"open","sticky":false,"template":"","format":"standard","meta":{"footnotes":""},"categories":[26],"tags":[],"class_list":["post-2754","post","type-post","status-publish","format-standard","has-post-thumbnail","hentry","category-gestion"],"yoast_head":"<!-- This site is optimized with the Yoast SEO plugin v27.0 - https:\/\/yoast.com\/product\/yoast-seo-wordpress\/ -->\n<title>\u00c9v\u00e9nements post-cl\u00f4ture : quelles incidences sur les comptes ? - Auditia<\/title>\n<meta name=\"description\" content=\"Traitement des \u00e9v\u00e9nements post-cl\u00f4ture : ajustements comptables, information en annexe, continuit\u00e9 d\u2019exploitation et arr\u00eat\u00e9 des comptes.\" \/>\n<meta name=\"robots\" content=\"index, follow, max-snippet:-1, max-image-preview:large, max-video-preview:-1\" \/>\n<link rel=\"canonical\" href=\"https:\/\/www.auditia.ma\/en\/evenements-post-cloture-incidences-comptes\/\" \/>\n<meta property=\"og:locale\" content=\"en_US\" \/>\n<meta property=\"og:type\" content=\"article\" \/>\n<meta property=\"og:title\" content=\"\u00c9v\u00e9nements post-cl\u00f4ture : quelles incidences sur les comptes ? - Auditia\" \/>\n<meta property=\"og:description\" content=\"Traitement des \u00e9v\u00e9nements post-cl\u00f4ture : ajustements comptables, information en annexe, continuit\u00e9 d\u2019exploitation et arr\u00eat\u00e9 des comptes.\" \/>\n<meta property=\"og:url\" content=\"https:\/\/www.auditia.ma\/en\/evenements-post-cloture-incidences-comptes\/\" \/>\n<meta property=\"og:site_name\" content=\"Auditia\" \/>\n<meta property=\"article:published_time\" content=\"2026-09-04T11:50:43+00:00\" \/>\n<meta property=\"og:image\" content=\"https:\/\/www.auditia.ma\/wp-content\/uploads\/2026\/07\/pst-cloture-scaled.jpg\" \/>\n\t<meta property=\"og:image:width\" content=\"2560\" \/>\n\t<meta property=\"og:image:height\" content=\"1707\" \/>\n\t<meta property=\"og:image:type\" content=\"image\/jpeg\" \/>\n<meta name=\"author\" content=\"admin-auditia\" \/>\n<meta name=\"twitter:card\" content=\"summary_large_image\" \/>\n<meta name=\"twitter:label1\" content=\"Written by\" \/>\n\t<meta name=\"twitter:data1\" content=\"admin-auditia\" \/>\n\t<meta name=\"twitter:label2\" content=\"Est. reading time\" \/>\n\t<meta name=\"twitter:data2\" content=\"5 minutes\" \/>\n<script type=\"application\/ld+json\" class=\"yoast-schema-graph\">{\"@context\":\"https:\/\/schema.org\",\"@graph\":[{\"@type\":\"Article\",\"@id\":\"https:\/\/www.auditia.ma\/evenements-post-cloture-incidences-comptes\/#article\",\"isPartOf\":{\"@id\":\"https:\/\/www.auditia.ma\/evenements-post-cloture-incidences-comptes\/\"},\"author\":{\"name\":\"admin-auditia\",\"@id\":\"https:\/\/www.auditia.ma\/#\/schema\/person\/8e18b40d1af296ecdd8705841950f70a\"},\"headline\":\"\u00c9v\u00e9nements post-cl\u00f4ture : quelles incidences sur les comptes ?\",\"datePublished\":\"2026-09-04T11:50:43+00:00\",\"mainEntityOfPage\":{\"@id\":\"https:\/\/www.auditia.ma\/evenements-post-cloture-incidences-comptes\/\"},\"wordCount\":934,\"commentCount\":0,\"publisher\":{\"@id\":\"https:\/\/www.auditia.ma\/#organization\"},\"image\":{\"@id\":\"https:\/\/www.auditia.ma\/evenements-post-cloture-incidences-comptes\/#primaryimage\"},\"thumbnailUrl\":\"https:\/\/www.auditia.ma\/wp-content\/uploads\/2026\/07\/pst-cloture-scaled.jpg\",\"articleSection\":[\"Gestion\"],\"inLanguage\":\"en-US\",\"potentialAction\":[{\"@type\":\"CommentAction\",\"name\":\"Comment\",\"target\":[\"https:\/\/www.auditia.ma\/evenements-post-cloture-incidences-comptes\/#respond\"]}]},{\"@type\":\"WebPage\",\"@id\":\"https:\/\/www.auditia.ma\/evenements-post-cloture-incidences-comptes\/\",\"url\":\"https:\/\/www.auditia.ma\/evenements-post-cloture-incidences-comptes\/\",\"name\":\"\u00c9v\u00e9nements post-cl\u00f4ture : quelles incidences sur les comptes ? - Auditia\",\"isPartOf\":{\"@id\":\"https:\/\/www.auditia.ma\/#website\"},\"primaryImageOfPage\":{\"@id\":\"https:\/\/www.auditia.ma\/evenements-post-cloture-incidences-comptes\/#primaryimage\"},\"image\":{\"@id\":\"https:\/\/www.auditia.ma\/evenements-post-cloture-incidences-comptes\/#primaryimage\"},\"thumbnailUrl\":\"https:\/\/www.auditia.ma\/wp-content\/uploads\/2026\/07\/pst-cloture-scaled.jpg\",\"datePublished\":\"2026-09-04T11:50:43+00:00\",\"description\":\"Traitement des \u00e9v\u00e9nements post-cl\u00f4ture : ajustements comptables, information en annexe, continuit\u00e9 d\u2019exploitation et arr\u00eat\u00e9 des comptes.\",\"breadcrumb\":{\"@id\":\"https:\/\/www.auditia.ma\/evenements-post-cloture-incidences-comptes\/#breadcrumb\"},\"inLanguage\":\"en-US\",\"potentialAction\":[{\"@type\":\"ReadAction\",\"target\":[\"https:\/\/www.auditia.ma\/evenements-post-cloture-incidences-comptes\/\"]}]},{\"@type\":\"ImageObject\",\"inLanguage\":\"en-US\",\"@id\":\"https:\/\/www.auditia.ma\/evenements-post-cloture-incidences-comptes\/#primaryimage\",\"url\":\"https:\/\/www.auditia.ma\/wp-content\/uploads\/2026\/07\/pst-cloture-scaled.jpg\",\"contentUrl\":\"https:\/\/www.auditia.ma\/wp-content\/uploads\/2026\/07\/pst-cloture-scaled.jpg\",\"width\":2560,\"height\":1707},{\"@type\":\"BreadcrumbList\",\"@id\":\"https:\/\/www.auditia.ma\/evenements-post-cloture-incidences-comptes\/#breadcrumb\",\"itemListElement\":[{\"@type\":\"ListItem\",\"position\":1,\"name\":\"Accueil\",\"item\":\"https:\/\/www.auditia.ma\/\"},{\"@type\":\"ListItem\",\"position\":2,\"name\":\"\u00c9v\u00e9nements post-cl\u00f4ture : quelles incidences sur les comptes ?\"}]},{\"@type\":\"WebSite\",\"@id\":\"https:\/\/www.auditia.ma\/#website\",\"url\":\"https:\/\/www.auditia.ma\/\",\"name\":\"Auditia\",\"description\":\"\",\"publisher\":{\"@id\":\"https:\/\/www.auditia.ma\/#organization\"},\"potentialAction\":[{\"@type\":\"SearchAction\",\"target\":{\"@type\":\"EntryPoint\",\"urlTemplate\":\"https:\/\/www.auditia.ma\/?s={search_term_string}\"},\"query-input\":{\"@type\":\"PropertyValueSpecification\",\"valueRequired\":true,\"valueName\":\"search_term_string\"}}],\"inLanguage\":\"en-US\"},{\"@type\":\"Organization\",\"@id\":\"https:\/\/www.auditia.ma\/#organization\",\"name\":\"Auditia\",\"url\":\"https:\/\/www.auditia.ma\/\",\"logo\":{\"@type\":\"ImageObject\",\"inLanguage\":\"en-US\",\"@id\":\"https:\/\/www.auditia.ma\/#\/schema\/logo\/image\/\",\"url\":\"https:\/\/www.auditia.ma\/wp-content\/uploads\/2025\/10\/Vector.png\",\"contentUrl\":\"https:\/\/www.auditia.ma\/wp-content\/uploads\/2025\/10\/Vector.png\",\"width\":316,\"height\":96,\"caption\":\"Auditia\"},\"image\":{\"@id\":\"https:\/\/www.auditia.ma\/#\/schema\/logo\/image\/\"}},{\"@type\":\"Person\",\"@id\":\"https:\/\/www.auditia.ma\/#\/schema\/person\/8e18b40d1af296ecdd8705841950f70a\",\"name\":\"admin-auditia\",\"image\":{\"@type\":\"ImageObject\",\"inLanguage\":\"en-US\",\"@id\":\"https:\/\/www.auditia.ma\/#\/schema\/person\/image\/\",\"url\":\"https:\/\/secure.gravatar.com\/avatar\/8fa89a8282643617e2a3ad4fe28dd1e574de5116ad4b99dff69da59713e2575a?s=96&d=mm&r=g\",\"contentUrl\":\"https:\/\/secure.gravatar.com\/avatar\/8fa89a8282643617e2a3ad4fe28dd1e574de5116ad4b99dff69da59713e2575a?s=96&d=mm&r=g\",\"caption\":\"admin-auditia\"}}]}<\/script>\n<!-- \/ Yoast SEO plugin. -->","yoast_head_json":{"title":"\u00c9v\u00e9nements post-cl\u00f4ture : quelles incidences sur les comptes ? - Auditia","description":"Traitement des \u00e9v\u00e9nements post-cl\u00f4ture : ajustements comptables, information en annexe, continuit\u00e9 d\u2019exploitation et arr\u00eat\u00e9 des comptes.","robots":{"index":"index","follow":"follow","max-snippet":"max-snippet:-1","max-image-preview":"max-image-preview:large","max-video-preview":"max-video-preview:-1"},"canonical":"https:\/\/www.auditia.ma\/en\/evenements-post-cloture-incidences-comptes\/","og_locale":"en_US","og_type":"article","og_title":"\u00c9v\u00e9nements post-cl\u00f4ture : quelles incidences sur les comptes ? - Auditia","og_description":"Traitement des \u00e9v\u00e9nements post-cl\u00f4ture : ajustements comptables, information en annexe, continuit\u00e9 d\u2019exploitation et arr\u00eat\u00e9 des comptes.","og_url":"https:\/\/www.auditia.ma\/en\/evenements-post-cloture-incidences-comptes\/","og_site_name":"Auditia","article_published_time":"2026-09-04T11:50:43+00:00","og_image":[{"width":2560,"height":1707,"url":"https:\/\/www.auditia.ma\/wp-content\/uploads\/2026\/07\/pst-cloture-scaled.jpg","type":"image\/jpeg"}],"author":"admin-auditia","twitter_card":"summary_large_image","twitter_misc":{"Written by":"admin-auditia","Est. reading time":"5 minutes"},"schema":{"@context":"https:\/\/schema.org","@graph":[{"@type":"Article","@id":"https:\/\/www.auditia.ma\/evenements-post-cloture-incidences-comptes\/#article","isPartOf":{"@id":"https:\/\/www.auditia.ma\/evenements-post-cloture-incidences-comptes\/"},"author":{"name":"admin-auditia","@id":"https:\/\/www.auditia.ma\/#\/schema\/person\/8e18b40d1af296ecdd8705841950f70a"},"headline":"\u00c9v\u00e9nements post-cl\u00f4ture : quelles incidences sur les comptes ?","datePublished":"2026-09-04T11:50:43+00:00","mainEntityOfPage":{"@id":"https:\/\/www.auditia.ma\/evenements-post-cloture-incidences-comptes\/"},"wordCount":934,"commentCount":0,"publisher":{"@id":"https:\/\/www.auditia.ma\/#organization"},"image":{"@id":"https:\/\/www.auditia.ma\/evenements-post-cloture-incidences-comptes\/#primaryimage"},"thumbnailUrl":"https:\/\/www.auditia.ma\/wp-content\/uploads\/2026\/07\/pst-cloture-scaled.jpg","articleSection":["Gestion"],"inLanguage":"en-US","potentialAction":[{"@type":"CommentAction","name":"Comment","target":["https:\/\/www.auditia.ma\/evenements-post-cloture-incidences-comptes\/#respond"]}]},{"@type":"WebPage","@id":"https:\/\/www.auditia.ma\/evenements-post-cloture-incidences-comptes\/","url":"https:\/\/www.auditia.ma\/evenements-post-cloture-incidences-comptes\/","name":"\u00c9v\u00e9nements post-cl\u00f4ture : quelles incidences sur les comptes ? - Auditia","isPartOf":{"@id":"https:\/\/www.auditia.ma\/#website"},"primaryImageOfPage":{"@id":"https:\/\/www.auditia.ma\/evenements-post-cloture-incidences-comptes\/#primaryimage"},"image":{"@id":"https:\/\/www.auditia.ma\/evenements-post-cloture-incidences-comptes\/#primaryimage"},"thumbnailUrl":"https:\/\/www.auditia.ma\/wp-content\/uploads\/2026\/07\/pst-cloture-scaled.jpg","datePublished":"2026-09-04T11:50:43+00:00","description":"Traitement des \u00e9v\u00e9nements post-cl\u00f4ture : ajustements comptables, information en annexe, continuit\u00e9 d\u2019exploitation et arr\u00eat\u00e9 des comptes.","breadcrumb":{"@id":"https:\/\/www.auditia.ma\/evenements-post-cloture-incidences-comptes\/#breadcrumb"},"inLanguage":"en-US","potentialAction":[{"@type":"ReadAction","target":["https:\/\/www.auditia.ma\/evenements-post-cloture-incidences-comptes\/"]}]},{"@type":"ImageObject","inLanguage":"en-US","@id":"https:\/\/www.auditia.ma\/evenements-post-cloture-incidences-comptes\/#primaryimage","url":"https:\/\/www.auditia.ma\/wp-content\/uploads\/2026\/07\/pst-cloture-scaled.jpg","contentUrl":"https:\/\/www.auditia.ma\/wp-content\/uploads\/2026\/07\/pst-cloture-scaled.jpg","width":2560,"height":1707},{"@type":"BreadcrumbList","@id":"https:\/\/www.auditia.ma\/evenements-post-cloture-incidences-comptes\/#breadcrumb","itemListElement":[{"@type":"ListItem","position":1,"name":"Accueil","item":"https:\/\/www.auditia.ma\/"},{"@type":"ListItem","position":2,"name":"\u00c9v\u00e9nements post-cl\u00f4ture : quelles incidences sur les comptes ?"}]},{"@type":"WebSite","@id":"https:\/\/www.auditia.ma\/#website","url":"https:\/\/www.auditia.ma\/","name":"international tax","description":"","publisher":{"@id":"https:\/\/www.auditia.ma\/#organization"},"potentialAction":[{"@type":"SearchAction","target":{"@type":"EntryPoint","urlTemplate":"https:\/\/www.auditia.ma\/?s={search_term_string}"},"query-input":{"@type":"PropertyValueSpecification","valueRequired":true,"valueName":"search_term_string"}}],"inLanguage":"en-US"},{"@type":"Organization","@id":"https:\/\/www.auditia.ma\/#organization","name":"international tax","url":"https:\/\/www.auditia.ma\/","logo":{"@type":"ImageObject","inLanguage":"en-US","@id":"https:\/\/www.auditia.ma\/#\/schema\/logo\/image\/","url":"https:\/\/www.auditia.ma\/wp-content\/uploads\/2025\/10\/Vector.png","contentUrl":"https:\/\/www.auditia.ma\/wp-content\/uploads\/2025\/10\/Vector.png","width":316,"height":96,"caption":"Auditia"},"image":{"@id":"https:\/\/www.auditia.ma\/#\/schema\/logo\/image\/"}},{"@type":"Person","@id":"https:\/\/www.auditia.ma\/#\/schema\/person\/8e18b40d1af296ecdd8705841950f70a","name":"admin-auditia","image":{"@type":"ImageObject","inLanguage":"en-US","@id":"https:\/\/www.auditia.ma\/#\/schema\/person\/image\/","url":"https:\/\/secure.gravatar.com\/avatar\/8fa89a8282643617e2a3ad4fe28dd1e574de5116ad4b99dff69da59713e2575a?s=96&d=mm&r=g","contentUrl":"https:\/\/secure.gravatar.com\/avatar\/8fa89a8282643617e2a3ad4fe28dd1e574de5116ad4b99dff69da59713e2575a?s=96&d=mm&r=g","caption":"admin-auditia"}}]}},"_links":{"self":[{"href":"https:\/\/www.auditia.ma\/en\/wp-json\/wp\/v2\/posts\/2754","targetHints":{"allow":["GET"]}}],"collection":[{"href":"https:\/\/www.auditia.ma\/en\/wp-json\/wp\/v2\/posts"}],"about":[{"href":"https:\/\/www.auditia.ma\/en\/wp-json\/wp\/v2\/types\/post"}],"author":[{"embeddable":true,"href":"https:\/\/www.auditia.ma\/en\/wp-json\/wp\/v2\/users\/1"}],"replies":[{"embeddable":true,"href":"https:\/\/www.auditia.ma\/en\/wp-json\/wp\/v2\/comments?post=2754"}],"version-history":[{"count":1,"href":"https:\/\/www.auditia.ma\/en\/wp-json\/wp\/v2\/posts\/2754\/revisions"}],"predecessor-version":[{"id":2764,"href":"https:\/\/www.auditia.ma\/en\/wp-json\/wp\/v2\/posts\/2754\/revisions\/2764"}],"wp:featuredmedia":[{"embeddable":true,"href":"https:\/\/www.auditia.ma\/en\/wp-json\/wp\/v2\/media\/2796"}],"wp:attachment":[{"href":"https:\/\/www.auditia.ma\/en\/wp-json\/wp\/v2\/media?parent=2754"}],"wp:term":[{"taxonomy":"category","embeddable":true,"href":"https:\/\/www.auditia.ma\/en\/wp-json\/wp\/v2\/categories?post=2754"},{"taxonomy":"post_tag","embeddable":true,"href":"https:\/\/www.auditia.ma\/en\/wp-json\/wp\/v2\/tags?post=2754"}],"curies":[{"name":"wp","href":"https:\/\/api.w.org\/{rel}","templated":true}]}}